{"id":27034,"date":"2026-01-22T11:58:47","date_gmt":"2026-01-22T08:58:47","guid":{"rendered":"https:\/\/azaitech.com\/apple-developpe-un-detail-ai-de-la-taille-dun-airtag-avec-double-camera\/"},"modified":"2026-01-22T11:58:49","modified_gmt":"2026-01-22T08:58:49","slug":"apple-developpe-un-detail-ai-de-la-taille-dun-airtag-avec-double-camera","status":"publish","type":"post","link":"https:\/\/azaitech.com\/fr\/apple-developpe-un-detail-ai-de-la-taille-dun-airtag-avec-double-camera\/","title":{"rendered":"Apple D\u00e9veloppe un D\u00e9tail AI de la Taille d&rsquo;un AirTag avec Double Cam\u00e9ra"},"content":{"rendered":"<div id=\"ez-toc-container\" class=\"ez-toc-v2_0_82_2 ez-toc-wrap-left counter-hierarchy ez-toc-counter-rtl ez-toc-light-blue ez-toc-container-direction\">\n<div class=\"ez-toc-title-container\">\n<p class=\"ez-toc-title ez-toc-toggle\" style=\"cursor:pointer\">Table of Contents<\/p>\n<span class=\"ez-toc-title-toggle\"><a href=\"#\" class=\"ez-toc-pull-right ez-toc-btn ez-toc-btn-xs ez-toc-btn-default ez-toc-toggle\" aria-label=\"Toggle Table of Content\"><span class=\"ez-toc-js-icon-con\"><span class=\"\"><span class=\"eztoc-hide\" style=\"display:none;\">Toggle<\/span><span class=\"ez-toc-icon-toggle-span\"><svg style=\"fill: #ffffff;color:#ffffff\" xmlns=\"http:\/\/www.w3.org\/2000\/svg\" class=\"list-377408\" width=\"20px\" height=\"20px\" viewBox=\"0 0 24 24\" fill=\"none\"><path d=\"M6 6H4v2h2V6zm14 0H8v2h12V6zM4 11h2v2H4v-2zm16 0H8v2h12v-2zM4 16h2v2H4v-2zm16 0H8v2h12v-2z\" fill=\"currentColor\"><\/path><\/svg><svg style=\"fill: #ffffff;color:#ffffff\" class=\"arrow-unsorted-368013\" xmlns=\"http:\/\/www.w3.org\/2000\/svg\" width=\"10px\" height=\"10px\" viewBox=\"0 0 24 24\" version=\"1.2\" baseProfile=\"tiny\"><path d=\"M18.2 9.3l-6.2-6.3-6.2 6.3c-.2.2-.3.4-.3.7s.1.5.3.7c.2.2.4.3.7.3h11c.3 0 .5-.1.7-.3.2-.2.3-.5.3-.7s-.1-.5-.3-.7zM5.8 14.7l6.2 6.3 6.2-6.3c.2-.2.3-.5.3-.7s-.1-.5-.3-.7c-.2-.2-.4-.3-.7-.3h-11c-.3 0-.5.1-.7.3-.2.2-.3.5-.3.7s.1.5.3.7z\"\/><\/svg><\/span><\/span><\/span><\/a><\/span><\/div>\n<nav><ul class='ez-toc-list ez-toc-list-level-1 eztoc-toggle-hide-by-default' ><li class='ez-toc-page-1 ez-toc-heading-level-2'><a class=\"ez-toc-link ez-toc-heading-1\" href=\"https:\/\/azaitech.com\/fr\/apple-developpe-un-detail-ai-de-la-taille-dun-airtag-avec-double-camera\/#Un_Nouveau_Detail_Technologique_dApple\" >Un Nouveau D\u00e9tail Technologique d&rsquo;Apple<\/a><\/li><li class='ez-toc-page-1 ez-toc-heading-level-2'><a class=\"ez-toc-link ez-toc-heading-2\" href=\"https:\/\/azaitech.com\/fr\/apple-developpe-un-detail-ai-de-la-taille-dun-airtag-avec-double-camera\/#Design_et_Caracteristiques\" >Design et Caract\u00e9ristiques<\/a><\/li><li class='ez-toc-page-1 ez-toc-heading-level-2'><a class=\"ez-toc-link ez-toc-heading-3\" href=\"https:\/\/azaitech.com\/fr\/apple-developpe-un-detail-ai-de-la-taille-dun-airtag-avec-double-camera\/#Fonctionnalites_et_Utilisation\" >Fonctionnalit\u00e9s et Utilisation<\/a><\/li><li class='ez-toc-page-1 ez-toc-heading-level-2'><a class=\"ez-toc-link ez-toc-heading-4\" href=\"https:\/\/azaitech.com\/fr\/apple-developpe-un-detail-ai-de-la-taille-dun-airtag-avec-double-camera\/#Competition_sur_le_Marche_des_Wearables_AI\" >Comp\u00e9tition sur le March\u00e9 des Wearables AI<\/a><\/li><li class='ez-toc-page-1 ez-toc-heading-level-2'><a class=\"ez-toc-link ez-toc-heading-5\" href=\"https:\/\/azaitech.com\/fr\/apple-developpe-un-detail-ai-de-la-taille-dun-airtag-avec-double-camera\/#Apercu_de_lAvenir\" >Aper\u00e7u de l&rsquo;Avenir<\/a><\/li><\/ul><\/nav><\/div>\n<div class=\"systemcore-ai-article\" dir=\"ltr\" style=\"direction:ltr;text-align:left\">\n<p>Apple a entrepris de concevoir un nouvel accessoire innovant : un \u00e9pingle AI de la taille d&rsquo;un AirTag, promettant une exp\u00e9rience utilisateur enrichissante gr\u00e2ce \u00e0 sa technologie avanc\u00e9e.<\/p>\n<h2><span class=\"ez-toc-section\" id=\"Un_Nouveau_Detail_Technologique_dApple\"><\/span>Un Nouveau D\u00e9tail Technologique d&rsquo;Apple<span class=\"ez-toc-section-end\"><\/span><\/h2>\n<p>Selon un rapport de The Information, Apple travaille sur un petit \u00e9pingle AI qui serait portatif et \u00e9quip\u00e9 de plusieurs fonctionnalit\u00e9s, dont deux cam\u00e9ras, un haut-parleur et des microphones. Si ce projet aboutit, cet \u00e9pingle AL pourrait \u00eatre lanc\u00e9 avec le chatbot Siri dans iOS 27.<\/p>\n<h2><span class=\"ez-toc-section\" id=\"Design_et_Caracteristiques\"><\/span>Design et Caract\u00e9ristiques<span class=\"ez-toc-section-end\"><\/span><\/h2>\n<p>Avec un design circulaire, plat et mince, cet \u00e9pingle est con\u00e7u dans une coque en aluminium et en verre. Voici un aper\u00e7u de ses principales caract\u00e9ristiques :<\/p>\n<ul>\n<li><strong>Taille :<\/strong> Semblable \u00e0 un AirTag mais l\u00e9g\u00e8rement plus \u00e9pais.<\/li>\n<li><strong>Cameras :<\/strong> Deux cam\u00e9ras \u00e0 l&rsquo;avant, une lentille standard et une lentille grand-angle pour prendre des photos et vid\u00e9os.<\/li>\n<li><strong>Microphones :<\/strong> Trois microphones int\u00e9gr\u00e9s pour capter le son environnant.<\/li>\n<li><strong>Haut-parleur :<\/strong> Un haut-parleur qui permet de diffuser de l&rsquo;audio.<\/li>\n<li><strong>Contr\u00f4le :<\/strong> Un bouton physique sur un bord pour un usage simplifi\u00e9.<\/li>\n<li><strong>Recharge sans fil :<\/strong> Capable de se recharger comme une Apple Watch.<\/li>\n<\/ul>\n<h2><span class=\"ez-toc-section\" id=\"Fonctionnalites_et_Utilisation\"><\/span>Fonctionnalit\u00e9s et Utilisation<span class=\"ez-toc-section-end\"><\/span><\/h2>\n<p>Ce nouvel accessoire AI serait con\u00e7u pour fonctionner de mani\u00e8re autonome, ce qui signifie qu&rsquo;il pourrait \u00eatre utilis\u00e9 ind\u00e9pendamment d&rsquo;autres appareils d&rsquo;Apple. Cependant, il n&rsquo;est pas encore clair si Apple pr\u00e9voit de le vendre seul ou de le combiner avec d&rsquo;autres dispositifs, comme des lunettes intelligentes futures.<\/p>\n<h3>\u00c9tat du D\u00e9veloppement<\/h3>\n<p>Bien que l&rsquo;\u00e9ch\u00e9ance pour le lancement de cet \u00e9pingle soit estim\u00e9e pour 2027, des sources indiquent que le d\u00e9veloppement est encore \u00e0 ses d\u00e9buts et pourrait \u00eatre annul\u00e9. Apple doit agir rapidement pour rester comp\u00e9titif dans le march\u00e9 des wearables AI, puisque d&rsquo;autres entreprises, telles que Meta et Amazon, d\u00e9veloppent \u00e9galement des dispositifs similaires.<\/p>\n<h2><span class=\"ez-toc-section\" id=\"Competition_sur_le_Marche_des_Wearables_AI\"><\/span>Comp\u00e9tition sur le March\u00e9 des Wearables AI<span class=\"ez-toc-section-end\"><\/span><\/h2>\n<p>De nombreux acteurs, y compris OpenAI et des start-ups en pleine croissance, explorent des produits AI portables. Avec la mont\u00e9e en popularit\u00e9 des dispositifs intelligents, Apple doit innover afin de r\u00e9pondre aux attentes des consommateurs.<\/p>\n<h3>Produits Concurrentiels<\/h3>\n<ul>\n<li><strong>OpenAI :<\/strong> Collaboration avec Jony Ive pour un appareil AI qui pourrait \u00eatre portable.<\/li>\n<li><strong>Meta :<\/strong> Lunettes AI int\u00e9grant des fonctionnalit\u00e9s avanc\u00e9es.<\/li>\n<li><strong>Amazon :<\/strong> Bracelet \u00ab\u00a0Bee\u00a0\u00bb pour le suivi de l&rsquo;activit\u00e9.<\/li>\n<\/ul>\n<h2><span class=\"ez-toc-section\" id=\"Apercu_de_lAvenir\"><\/span>Aper\u00e7u de l&rsquo;Avenir<span class=\"ez-toc-section-end\"><\/span><\/h2>\n<p>Les dispositifs AI portables n&rsquo;ont pas encore rencontr\u00e9 le succ\u00e8s escompt\u00e9, mais avec Apple qui fait des progr\u00e8s, nous pourrions voir une \u00e9volution prometteuse dans les ann\u00e9es \u00e0 venir. La combinaison de la technologie avanc\u00e9e d&rsquo;Apple et de l&rsquo;intelligence artificielle pourrait transformer notre fa\u00e7on d&rsquo;interagir avec la technologie.<\/p>\n<\/div>\n<p><strong>Source:<\/strong> <a href=\"https:\/\/www.macrumors.com\/2026\/01\/21\/apple-ai-pin\/\" target=\"_blank\" rel=\"nofollow ugc noopener\">www.macrumors.com<\/a><\/p>\n<h3>Articles connexes<\/h3>\n<ul>\n<li><a href=\"https:\/\/azaitech.com\/fr\/determinez-vos-dates-evenements-cles-dapple-a-suivre-le-mois-prochain\/\">D\u00e9terminez vos dates : \u00c9v\u00e9nements cl\u00e9s d&#8217;Apple \u00e0 suivre le mois prochain<\/a><\/li>\n<li><a href=\"https:\/\/azaitech.com\/fr\/apple-airpods-pro-3-specs\/\">AirPods Pro 3 avec capteur cardiaque et traduction en direct : la nouvelle r\u00e9volution d\u2019Apple<\/a><\/li>\n<\/ul>\n<p>Views: 2<\/p>","protected":false},"excerpt":{"rendered":"<p>Apple a entrepris de concevoir un nouvel accessoire innovant : un \u00e9pingle AI de la taille d&rsquo;un AirTag, promettant une exp\u00e9rience utilisateur enrichissante gr\u00e2ce \u00e0 sa technologie avanc\u00e9e. Un Nouveau D\u00e9tail Technologique d&rsquo;Apple Selon un rapport de The Information, Apple travaille sur un petit \u00e9pingle AI qui serait portatif et \u00e9quip\u00e9 de plusieurs fonctionnalit\u00e9s, dont [&hellip;]<\/p>\n","protected":false},"author":0,"featured_media":27030,"comment_status":"closed","ping_status":"closed","sticky":false,"template":"","format":"standard","meta":{"footnotes":""},"categories":[165],"tags":[],"class_list":{"0":"post-27034","1":"post","2":"type-post","3":"status-publish","4":"format-standard","5":"has-post-thumbnail","7":"category-apple"},"_links":{"self":[{"href":"https:\/\/azaitech.com\/fr\/wp-json\/wp\/v2\/posts\/27034","targetHints":{"allow":["GET"]}}],"collection":[{"href":"https:\/\/azaitech.com\/fr\/wp-json\/wp\/v2\/posts"}],"about":[{"href":"https:\/\/azaitech.com\/fr\/wp-json\/wp\/v2\/types\/post"}],"replies":[{"embeddable":true,"href":"https:\/\/azaitech.com\/fr\/wp-json\/wp\/v2\/comments?post=27034"}],"version-history":[{"count":1,"href":"https:\/\/azaitech.com\/fr\/wp-json\/wp\/v2\/posts\/27034\/revisions"}],"predecessor-version":[{"id":27035,"href":"https:\/\/azaitech.com\/fr\/wp-json\/wp\/v2\/posts\/27034\/revisions\/27035"}],"wp:featuredmedia":[{"embeddable":true,"href":"https:\/\/azaitech.com\/fr\/wp-json\/wp\/v2\/media\/27030"}],"wp:attachment":[{"href":"https:\/\/azaitech.com\/fr\/wp-json\/wp\/v2\/media?parent=27034"}],"wp:term":[{"taxonomy":"category","embeddable":true,"href":"https:\/\/azaitech.com\/fr\/wp-json\/wp\/v2\/categories?post=27034"},{"taxonomy":"post_tag","embeddable":true,"href":"https:\/\/azaitech.com\/fr\/wp-json\/wp\/v2\/tags?post=27034"}],"curies":[{"name":"wp","href":"https:\/\/api.w.org\/{rel}","templated":true}]}}