{"id":26863,"date":"2026-01-21T15:13:43","date_gmt":"2026-01-21T12:13:43","guid":{"rendered":"https:\/\/azaitech.com\/mise-a-jour-de-windows-11-un-probleme-avec-le-mode-sommeil-et-une-astuce-a-essayer\/"},"modified":"2026-01-21T15:13:43","modified_gmt":"2026-01-21T12:13:43","slug":"mise-a-jour-de-windows-11-un-probleme-avec-le-mode-sommeil-et-une-astuce-a-essayer","status":"publish","type":"post","link":"https:\/\/azaitech.com\/fr\/mise-a-jour-de-windows-11-un-probleme-avec-le-mode-sommeil-et-une-astuce-a-essayer\/","title":{"rendered":"Mise \u00e0 jour de Windows 11 : un probl\u00e8me avec le mode sommeil et une astuce \u00e0 essayer"},"content":{"rendered":"<div id=\"ez-toc-container\" class=\"ez-toc-v2_0_82_2 ez-toc-wrap-left counter-hierarchy ez-toc-counter-rtl ez-toc-light-blue ez-toc-container-direction\">\n<div class=\"ez-toc-title-container\">\n<p class=\"ez-toc-title ez-toc-toggle\" style=\"cursor:pointer\">Table of Contents<\/p>\n<span class=\"ez-toc-title-toggle\"><a href=\"#\" class=\"ez-toc-pull-right ez-toc-btn ez-toc-btn-xs ez-toc-btn-default ez-toc-toggle\" aria-label=\"Toggle Table of Content\"><span class=\"ez-toc-js-icon-con\"><span class=\"\"><span class=\"eztoc-hide\" style=\"display:none;\">Toggle<\/span><span class=\"ez-toc-icon-toggle-span\"><svg style=\"fill: #ffffff;color:#ffffff\" xmlns=\"http:\/\/www.w3.org\/2000\/svg\" class=\"list-377408\" width=\"20px\" height=\"20px\" viewBox=\"0 0 24 24\" fill=\"none\"><path d=\"M6 6H4v2h2V6zm14 0H8v2h12V6zM4 11h2v2H4v-2zm16 0H8v2h12v-2zM4 16h2v2H4v-2zm16 0H8v2h12v-2z\" fill=\"currentColor\"><\/path><\/svg><svg style=\"fill: #ffffff;color:#ffffff\" class=\"arrow-unsorted-368013\" xmlns=\"http:\/\/www.w3.org\/2000\/svg\" width=\"10px\" height=\"10px\" viewBox=\"0 0 24 24\" version=\"1.2\" baseProfile=\"tiny\"><path d=\"M18.2 9.3l-6.2-6.3-6.2 6.3c-.2.2-.3.4-.3.7s.1.5.3.7c.2.2.4.3.7.3h11c.3 0 .5-.1.7-.3.2-.2.3-.5.3-.7s-.1-.5-.3-.7zM5.8 14.7l6.2 6.3 6.2-6.3c.2-.2.3-.5.3-.7s-.1-.5-.3-.7c-.2-.2-.4-.3-.7-.3h-11c-.3 0-.5.1-.7.3-.2.2-.3.5-.3.7s.1.5.3.7z\"\/><\/svg><\/span><\/span><\/span><\/a><\/span><\/div>\n<nav><ul class='ez-toc-list ez-toc-list-level-1 eztoc-toggle-hide-by-default' ><li class='ez-toc-page-1 ez-toc-heading-level-2'><a class=\"ez-toc-link ez-toc-heading-1\" href=\"https:\/\/azaitech.com\/fr\/mise-a-jour-de-windows-11-un-probleme-avec-le-mode-sommeil-et-une-astuce-a-essayer\/#Le_bug_du_mode_sommeil_dans_la_mise_a_jour_de_janvier\" >Le bug du mode sommeil dans la mise \u00e0 jour de janvier<\/a><\/li><li class='ez-toc-page-1 ez-toc-heading-level-2'><a class=\"ez-toc-link ez-toc-heading-2\" href=\"https:\/\/azaitech.com\/fr\/mise-a-jour-de-windows-11-un-probleme-avec-le-mode-sommeil-et-une-astuce-a-essayer\/#Quest-ce_que_letat_de_sommeil_S3\" >Qu&rsquo;est-ce que l&rsquo;\u00e9tat de sommeil S3\u00a0?<\/a><\/li><li class='ez-toc-page-1 ez-toc-heading-level-2'><a class=\"ez-toc-link ez-toc-heading-3\" href=\"https:\/\/azaitech.com\/fr\/mise-a-jour-de-windows-11-un-probleme-avec-le-mode-sommeil-et-une-astuce-a-essayer\/#Une_astuce_pour_contourner_le_probleme\" >Une astuce pour contourner le probl\u00e8me<\/a><\/li><li class='ez-toc-page-1 ez-toc-heading-level-2'><a class=\"ez-toc-link ez-toc-heading-4\" href=\"https:\/\/azaitech.com\/fr\/mise-a-jour-de-windows-11-un-probleme-avec-le-mode-sommeil-et-une-astuce-a-essayer\/#Conclusion\" >Conclusion<\/a><\/li><\/ul><\/nav><\/div>\n<div class=\"systemcore-ai-article\" dir=\"ltr\" style=\"direction:ltr;text-align:left\">\n<p>Depuis la mise \u00e0 jour de janvier 2023, certains utilisateurs de Windows 11 rencontrent un probl\u00e8me avec le mode sommeil. Cet article explore ce bug et propose une solution potentielle.<\/p>\n<h2><span class=\"ez-toc-section\" id=\"Le_bug_du_mode_sommeil_dans_la_mise_a_jour_de_janvier\"><\/span>Le bug du mode sommeil dans la mise \u00e0 jour de janvier<span class=\"ez-toc-section-end\"><\/span><\/h2>\n<p>La derni\u00e8re mise \u00e0 jour de Windows 11, identifi\u00e9e comme KB5074109, a introduit un bug qui affecte le mode sommeil sur certaines configurations de PC, notamment les mod\u00e8les plus anciens.<\/p>\n<h3>Ce qui se passe exactement<\/h3>\n<p>Les utilisateurs rapportent que, suite \u00e0 l&rsquo;installation de cette mise \u00e0 jour, le mode sommeil ne fonctionne plus comme pr\u00e9vu. Lorsque l&rsquo;option sommeil est s\u00e9lectionn\u00e9e, l&rsquo;\u00e9cran devient noir, mais l&rsquo;ordinateur ne s&rsquo;\u00e9teint pas. Cela oblige souvent les utilisateurs \u00e0 effectuer un red\u00e9marrage forc\u00e9 en maintenant le bouton d&rsquo;alimentation enfonc\u00e9, ce qui n&rsquo;est pas id\u00e9al.<\/p>\n<ul>\n<li>Le probl\u00e8me semble se manifester principalement sur les anciens PC utilisant l&rsquo;\u00e9tat de sommeil S3.<\/li>\n<li>Cela ne devrait pas affecter les nouveaux ordinateurs qui utilisent la fonctionnalit\u00e9 de \u00ab\u00a0veille moderne\u00a0\u00bb.<\/li>\n<\/ul>\n<h2><span class=\"ez-toc-section\" id=\"Quest-ce_que_letat_de_sommeil_S3\"><\/span>Qu&rsquo;est-ce que l&rsquo;\u00e9tat de sommeil S3\u00a0?<span class=\"ez-toc-section-end\"><\/span><\/h2>\n<p>L&rsquo;\u00e9tat de sommeil S3 est le mode de veille classique utilis\u00e9 par Windows, o\u00f9 seuls la RAM et certains composants essentiels restent aliment\u00e9s, permettant de reprendre rapidement l&rsquo;activit\u00e9. Cependant, de nombreux ordinateurs r\u00e9cents adoptent une approche diff\u00e9rente connue sous le nom de \u00ab\u00a0veille moderne\u00a0\u00bb ou S0, qui am\u00e9liore la gestion de l&rsquo;\u00e9nergie.<\/p>\n<h3>Les sympt\u00f4mes du probl\u00e8me<\/h3>\n<p>Voici quelques retours d&rsquo;exp\u00e9rience d&rsquo;utilisateurs touch\u00e9s :<\/p>\n<ul>\n<li>Un utilisateur a d\u00e9clar\u00e9 que le mode sommeil n&rsquo;avait pas fonctionn\u00e9 apr\u00e8s l&rsquo;installation de KB5074109 et que son PC ne revenait pas \u00e0 l&rsquo;\u00e9tat normal sans un red\u00e9marrage forc\u00e9.<\/li>\n<li>Un autre a signal\u00e9 que ce probl\u00e8me apparaissait sur plusieurs machines \u00e0 lui, toutes avec diff\u00e9rentes versions de Windows 11, et disparaissait lorsque la mise \u00e0 jour \u00e9tait d\u00e9sinstall\u00e9e.<\/li>\n<\/ul>\n<h2><span class=\"ez-toc-section\" id=\"Une_astuce_pour_contourner_le_probleme\"><\/span>Une astuce pour contourner le probl\u00e8me<span class=\"ez-toc-section-end\"><\/span><\/h2>\n<p>Si vous \u00eates confront\u00e9 \u00e0 ce probl\u00e8me, une solution possible consiste \u00e0 d\u00e9brancher votre webcam USB. Selon des discussions sur le \u00ab\u00a0Feedback Hub\u00a0\u00bb, cela pourrait aider certains utilisateurs \u00e0 retrouver un fonctionnement normal du mode sommeil.<\/p>\n<h3>Autres probl\u00e8mes li\u00e9s \u00e0 la mise \u00e0 jour<\/h3>\n<p>En plus des soucis de mode sommeil, d\u2019autres probl\u00e8mes ont \u00e9galement \u00e9t\u00e9 signal\u00e9s \u00e0 la suite de la mise \u00e0 jour de janvier :<\/p>\n<ul>\n<li>Des blocages dans l&rsquo;application Outlook pour les comptes POP.<\/li>\n<li>Des difficult\u00e9s \u00e0 \u00e9teindre certains ordinateurs, en particulier ceux utilis\u00e9s en entreprise.<\/li>\n<li>Des probl\u00e8mes de connexion avec le bureau \u00e0 distance.<\/li>\n<\/ul>\n<h2><span class=\"ez-toc-section\" id=\"Conclusion\"><\/span>Conclusion<span class=\"ez-toc-section-end\"><\/span><\/h2>\n<p>La mise \u00e0 jour de Windows 11 de janvier a cr\u00e9\u00e9 un ensemble de probl\u00e8mes pour certains utilisateurs, mais des solutions temporaires existent. Si vous rencontrez des difficult\u00e9s, envisager de d\u00e9brancher des p\u00e9riph\u00e9riques comme des webcams peut offrir un soulagement. Esp\u00e9rons que Microsoft travaillera rapidement \u00e0 r\u00e9soudre ces bugs afin que les utilisateurs puissent pleinement profiter de leur exp\u00e9rience avec Windows 11.<\/p>\n<\/div>\n<p>Views: 5<\/p>","protected":false},"excerpt":{"rendered":"<p>Depuis la mise \u00e0 jour de janvier 2023, certains utilisateurs de Windows 11 rencontrent un probl\u00e8me avec le mode sommeil. Cet article explore ce bug et propose une solution potentielle. Le bug du mode sommeil dans la mise \u00e0 jour de janvier La derni\u00e8re mise \u00e0 jour de Windows 11, identifi\u00e9e comme KB5074109, a introduit [&hellip;]<\/p>\n","protected":false},"author":0,"featured_media":26860,"comment_status":"closed","ping_status":"closed","sticky":false,"template":"","format":"standard","meta":{"footnotes":""},"categories":[185],"tags":[],"class_list":{"0":"post-26863","1":"post","2":"type-post","3":"status-publish","4":"format-standard","5":"has-post-thumbnail","7":"category-microsoft"},"_links":{"self":[{"href":"https:\/\/azaitech.com\/fr\/wp-json\/wp\/v2\/posts\/26863","targetHints":{"allow":["GET"]}}],"collection":[{"href":"https:\/\/azaitech.com\/fr\/wp-json\/wp\/v2\/posts"}],"about":[{"href":"https:\/\/azaitech.com\/fr\/wp-json\/wp\/v2\/types\/post"}],"replies":[{"embeddable":true,"href":"https:\/\/azaitech.com\/fr\/wp-json\/wp\/v2\/comments?post=26863"}],"version-history":[{"count":0,"href":"https:\/\/azaitech.com\/fr\/wp-json\/wp\/v2\/posts\/26863\/revisions"}],"wp:featuredmedia":[{"embeddable":true,"href":"https:\/\/azaitech.com\/fr\/wp-json\/wp\/v2\/media\/26860"}],"wp:attachment":[{"href":"https:\/\/azaitech.com\/fr\/wp-json\/wp\/v2\/media?parent=26863"}],"wp:term":[{"taxonomy":"category","embeddable":true,"href":"https:\/\/azaitech.com\/fr\/wp-json\/wp\/v2\/categories?post=26863"},{"taxonomy":"post_tag","embeddable":true,"href":"https:\/\/azaitech.com\/fr\/wp-json\/wp\/v2\/tags?post=26863"}],"curies":[{"name":"wp","href":"https:\/\/api.w.org\/{rel}","templated":true}]}}