{"id":26822,"date":"2026-01-21T13:20:17","date_gmt":"2026-01-21T10:20:17","guid":{"rendered":"https:\/\/azaitech.com\/laugmentation-des-prix-de-la-ram-une-crise-qui-saggrave-avec-le-ddr5\/"},"modified":"2026-01-21T13:20:17","modified_gmt":"2026-01-21T10:20:17","slug":"laugmentation-des-prix-de-la-ram-une-crise-qui-saggrave-avec-le-ddr5","status":"publish","type":"post","link":"https:\/\/azaitech.com\/fr\/laugmentation-des-prix-de-la-ram-une-crise-qui-saggrave-avec-le-ddr5\/","title":{"rendered":"L&rsquo;augmentation des prix de la RAM : une crise qui s&rsquo;aggrave avec le DDR5"},"content":{"rendered":"<div id=\"ez-toc-container\" class=\"ez-toc-v2_0_82_2 ez-toc-wrap-left counter-hierarchy ez-toc-counter-rtl ez-toc-light-blue ez-toc-container-direction\">\n<div class=\"ez-toc-title-container\">\n<p class=\"ez-toc-title ez-toc-toggle\" style=\"cursor:pointer\">Table of Contents<\/p>\n<span class=\"ez-toc-title-toggle\"><a href=\"#\" class=\"ez-toc-pull-right ez-toc-btn ez-toc-btn-xs ez-toc-btn-default ez-toc-toggle\" aria-label=\"Toggle Table of Content\"><span class=\"ez-toc-js-icon-con\"><span class=\"\"><span class=\"eztoc-hide\" style=\"display:none;\">Toggle<\/span><span class=\"ez-toc-icon-toggle-span\"><svg style=\"fill: #ffffff;color:#ffffff\" xmlns=\"http:\/\/www.w3.org\/2000\/svg\" class=\"list-377408\" width=\"20px\" height=\"20px\" viewBox=\"0 0 24 24\" fill=\"none\"><path d=\"M6 6H4v2h2V6zm14 0H8v2h12V6zM4 11h2v2H4v-2zm16 0H8v2h12v-2zM4 16h2v2H4v-2zm16 0H8v2h12v-2z\" fill=\"currentColor\"><\/path><\/svg><svg style=\"fill: #ffffff;color:#ffffff\" class=\"arrow-unsorted-368013\" xmlns=\"http:\/\/www.w3.org\/2000\/svg\" width=\"10px\" height=\"10px\" viewBox=\"0 0 24 24\" version=\"1.2\" baseProfile=\"tiny\"><path d=\"M18.2 9.3l-6.2-6.3-6.2 6.3c-.2.2-.3.4-.3.7s.1.5.3.7c.2.2.4.3.7.3h11c.3 0 .5-.1.7-.3.2-.2.3-.5.3-.7s-.1-.5-.3-.7zM5.8 14.7l6.2 6.3 6.2-6.3c.2-.2.3-.5.3-.7s-.1-.5-.3-.7c-.2-.2-.4-.3-.7-.3h-11c-.3 0-.5.1-.7.3-.2.2-.3.5-.3.7s.1.5.3.7z\"\/><\/svg><\/span><\/span><\/span><\/a><\/span><\/div>\n<nav><ul class='ez-toc-list ez-toc-list-level-1 eztoc-toggle-hide-by-default' ><li class='ez-toc-page-1 ez-toc-heading-level-2'><a class=\"ez-toc-link ez-toc-heading-1\" href=\"https:\/\/azaitech.com\/fr\/laugmentation-des-prix-de-la-ram-une-crise-qui-saggrave-avec-le-ddr5\/#Letat_actuel_du_marche_de_la_RAM\" >L&rsquo;\u00e9tat actuel du march\u00e9 de la RAM<\/a><\/li><li class='ez-toc-page-1 ez-toc-heading-level-2'><a class=\"ez-toc-link ez-toc-heading-2\" href=\"https:\/\/azaitech.com\/fr\/laugmentation-des-prix-de-la-ram-une-crise-qui-saggrave-avec-le-ddr5\/#Une_crise_mondiale_pour_les_consommateurs\" >Une crise mondiale pour les consommateurs<\/a><\/li><li class='ez-toc-page-1 ez-toc-heading-level-2'><a class=\"ez-toc-link ez-toc-heading-3\" href=\"https:\/\/azaitech.com\/fr\/laugmentation-des-prix-de-la-ram-une-crise-qui-saggrave-avec-le-ddr5\/#Pourquoi_les_prix_augmentent-ils\" >Pourquoi les prix augmentent-ils ?<\/a><\/li><li class='ez-toc-page-1 ez-toc-heading-level-2'><a class=\"ez-toc-link ez-toc-heading-4\" href=\"https:\/\/azaitech.com\/fr\/laugmentation-des-prix-de-la-ram-une-crise-qui-saggrave-avec-le-ddr5\/#Consequences_pour_le_marche_des_PC\" >Cons\u00e9quences pour le march\u00e9 des PC<\/a><\/li><li class='ez-toc-page-1 ez-toc-heading-level-2'><a class=\"ez-toc-link ez-toc-heading-5\" href=\"https:\/\/azaitech.com\/fr\/laugmentation-des-prix-de-la-ram-une-crise-qui-saggrave-avec-le-ddr5\/#Quelles_solutions_envisager\" >Quelles solutions envisager ?<\/a><\/li><li class='ez-toc-page-1 ez-toc-heading-level-2'><a class=\"ez-toc-link ez-toc-heading-6\" href=\"https:\/\/azaitech.com\/fr\/laugmentation-des-prix-de-la-ram-une-crise-qui-saggrave-avec-le-ddr5\/#Conclusion\" >Conclusion<\/a><\/li><\/ul><\/nav><\/div>\n<div class=\"systemcore-ai-article\" dir=\"ltr\" style=\"direction:ltr;text-align:left\">\n<p>Les prix de la m\u00e9moire vive (RAM) continuent d&rsquo;augmenter de mani\u00e8re alarmante, en particulier le DDR5. Cette situation soul\u00e8ve de vives inqui\u00e9tudes chez les consommateurs et les constructeurs de PC. D\u00e9couvrons ensemble les derni\u00e8res tendances sur le march\u00e9 de la RAM.<\/p>\n<h2><span class=\"ez-toc-section\" id=\"Letat_actuel_du_marche_de_la_RAM\"><\/span>L&rsquo;\u00e9tat actuel du march\u00e9 de la RAM<span class=\"ez-toc-section-end\"><\/span><\/h2>\n<p>En janvier 2026, les derni\u00e8res statistiques montrent une augmentation significative des prix pour les diff\u00e9rents types de RAM. En Allemagne, le DDR5 a connu une hausse de 27% par rapport au mois pr\u00e9c\u00e9dent, atteignant des niveaux exorbitants. Actuellement, le prix de cette m\u00e9moire est 4,4 fois sup\u00e9rieur \u00e0 celui de juillet 2025.<\/p>\n<h3>Donn\u00e9es d&rsquo;augmentation des prix<\/h3>\n<table dir=\"ltr\" style=\"direction:ltr;text-align:left\">\n<tr>\n<th>Type de RAM<\/th>\n<th>Augmentation (janvier 2026)<\/th>\n<th>Prix par rapport \u00e0 juillet 2025<\/th>\n<\/tr>\n<tr>\n<td>DDR5<\/td>\n<td>27%<\/td>\n<td>4,4 fois<\/td>\n<\/tr>\n<tr>\n<td>DDR4<\/td>\n<td>46%<\/td>\n<td>3,2 fois<\/td>\n<\/tr>\n<tr>\n<td>DDR3<\/td>\n<td>46%<\/td>\n<td>3,2 fois<\/td>\n<\/tr>\n<\/table>\n<h2><span class=\"ez-toc-section\" id=\"Une_crise_mondiale_pour_les_consommateurs\"><\/span>Une crise mondiale pour les consommateurs<span class=\"ez-toc-section-end\"><\/span><\/h2>\n<p>Les chiffres en Allemagne refl\u00e8tent une tendance globale. Les prix continuent d&rsquo;augmenter de mani\u00e8re inqui\u00e9tante, incitant de nombreux consommateurs \u00e0 envisager des mises \u00e0 niveau de leur mat\u00e9riel. Ceux qui poss\u00e9daient encore des modules DDR4, d\u00e9sormais en proie \u00e0 une augmentation rapide de prix, se voient pouss\u00e9s vers le DDR5.<\/p>\n<ul>\n<li>Le taux d&rsquo;inflation du DDR4 est de 46% pour lui-m\u00eame.<\/li>\n<li>Le DDR3, une option plus \u00e9conomique, ne reste pas en reste et voit \u00e9galement ses prix grimper.<\/li>\n<li>Cette forte augmentation des prix incite les utilisateurs \u00e0 agir rapidement pour \u00e9viter des co\u00fbts encore plus \u00e9lev\u00e9s \u00e0 l&rsquo;avenir.<\/li>\n<\/ul>\n<h2><span class=\"ez-toc-section\" id=\"Pourquoi_les_prix_augmentent-ils\"><\/span>Pourquoi les prix augmentent-ils ?<span class=\"ez-toc-section-end\"><\/span><\/h2>\n<p>Deux principaux facteurs semblent alimenter cette crise des prix :<\/p>\n<ol>\n<li><strong>Demande accrue :<\/strong> Avec les avanc\u00e9es technologiques et la mont\u00e9e en puissance de l&rsquo;intelligence artificielle, la demande de m\u00e9moire vive a explos\u00e9.<\/li>\n<li><strong>Offre limit\u00e9e :<\/strong> Les cha\u00eenes d&rsquo;approvisionnement sont encore perturb\u00e9es, avec une offre de puces RAM qui ne parvient pas \u00e0 satisfaire la demande croissante.<\/li>\n<\/ol>\n<h2><span class=\"ez-toc-section\" id=\"Consequences_pour_le_marche_des_PC\"><\/span>Cons\u00e9quences pour le march\u00e9 des PC<span class=\"ez-toc-section-end\"><\/span><\/h2>\n<p>\u00c0 c\u00f4t\u00e9 de la mont\u00e9e en fl\u00e8che des prix de la RAM, d&rsquo;autres composants essentiels, tels que les GPU et les SSD, voient \u00e9galement leurs co\u00fbts augmenter. Comme le montre 3D Center, les prix des GPU ont augment\u00e9 de 14% en comparaison avec le mois pr\u00e9c\u00e9dent, et les SSD de 79% depuis juillet 2025.<\/p>\n<h3>Implications pour les acheteurs<\/h3>\n<p>Les acheteurs potentiels de nouveaux PC doivent consid\u00e9rer les implications financi\u00e8res de ces augmentations de prix. Le co\u00fbt total d&rsquo;un nouveau syst\u00e8me est consid\u00e9rablement impact\u00e9 par la demande actuelle :<\/p>\n<ul>\n<li>Le co\u00fbt de la RAM et des SSD a doubl\u00e9, rendant la construction d&rsquo;une nouvelle machine bien plus co\u00fbteuse.<\/li>\n<li>Cela pourrait \u00e9galement freiner certains acheteurs dans leur projet de mise \u00e0 niveau.<\/li>\n<\/ul>\n<h2><span class=\"ez-toc-section\" id=\"Quelles_solutions_envisager\"><\/span>Quelles solutions envisager ?<span class=\"ez-toc-section-end\"><\/span><\/h2>\n<p>Les consommateurs pourraient envisager plusieurs strat\u00e9gies pour faire face \u00e0 la hausse des prix :<\/p>\n<ol>\n<li>Acheter des modules DDR3, bien que moins performants, peuvent s&rsquo;av\u00e9rer plus \u00e9conomiques pour un usage basique.<\/li>\n<li>Planifier des achats en attendant une \u00e9ventuelle stabilisation des prix dans le march\u00e9.<\/li>\n<li>Surveiller r\u00e9guli\u00e8rement les offres promotionnelles et les soldes pour maximiser les \u00e9conomies.<\/li>\n<\/ol>\n<h2><span class=\"ez-toc-section\" id=\"Conclusion\"><\/span>Conclusion<span class=\"ez-toc-section-end\"><\/span><\/h2>\n<p>La crise des prix de la RAM est loin d&rsquo;\u00eatre r\u00e9solue. La mont\u00e9e des co\u00fbts pour le DDR5, DDR4 et DDR3 est un reflet inqui\u00e9tant d&rsquo;un march\u00e9 mondial aux prises avec une demande inassouvie et des perturbations dans la cha\u00eene d&rsquo;approvisionnement. Les consommateurs devront naviguer prudemment dans ce paysage instable, en pesant chaque d\u00e9cision d&rsquo;achat avec soin.<\/p>\n<\/div>\n<p>Views: 1<\/p>","protected":false},"excerpt":{"rendered":"<p>Les prix de la m\u00e9moire vive (RAM) continuent d&rsquo;augmenter de mani\u00e8re alarmante, en particulier le DDR5. Cette situation soul\u00e8ve de vives inqui\u00e9tudes chez les consommateurs et les constructeurs de PC. D\u00e9couvrons ensemble les derni\u00e8res tendances sur le march\u00e9 de la RAM. L&rsquo;\u00e9tat actuel du march\u00e9 de la RAM En janvier 2026, les derni\u00e8res statistiques montrent [&hellip;]<\/p>\n","protected":false},"author":0,"featured_media":26819,"comment_status":"closed","ping_status":"closed","sticky":false,"template":"","format":"standard","meta":{"footnotes":""},"categories":[123],"tags":[],"class_list":{"0":"post-26822","1":"post","2":"type-post","3":"status-publish","4":"format-standard","5":"has-post-thumbnail","7":"category-123"},"_links":{"self":[{"href":"https:\/\/azaitech.com\/fr\/wp-json\/wp\/v2\/posts\/26822","targetHints":{"allow":["GET"]}}],"collection":[{"href":"https:\/\/azaitech.com\/fr\/wp-json\/wp\/v2\/posts"}],"about":[{"href":"https:\/\/azaitech.com\/fr\/wp-json\/wp\/v2\/types\/post"}],"replies":[{"embeddable":true,"href":"https:\/\/azaitech.com\/fr\/wp-json\/wp\/v2\/comments?post=26822"}],"version-history":[{"count":0,"href":"https:\/\/azaitech.com\/fr\/wp-json\/wp\/v2\/posts\/26822\/revisions"}],"wp:featuredmedia":[{"embeddable":true,"href":"https:\/\/azaitech.com\/fr\/wp-json\/wp\/v2\/media\/26819"}],"wp:attachment":[{"href":"https:\/\/azaitech.com\/fr\/wp-json\/wp\/v2\/media?parent=26822"}],"wp:term":[{"taxonomy":"category","embeddable":true,"href":"https:\/\/azaitech.com\/fr\/wp-json\/wp\/v2\/categories?post=26822"},{"taxonomy":"post_tag","embeddable":true,"href":"https:\/\/azaitech.com\/fr\/wp-json\/wp\/v2\/tags?post=26822"}],"curies":[{"name":"wp","href":"https:\/\/api.w.org\/{rel}","templated":true}]}}