{"id":26788,"date":"2026-01-21T13:05:02","date_gmt":"2026-01-21T10:05:02","guid":{"rendered":"https:\/\/azaitech.com\/la-crise-de-la-memoire-vers-une-aggravation-des-prix\/"},"modified":"2026-01-21T13:05:02","modified_gmt":"2026-01-21T10:05:02","slug":"la-crise-de-la-memoire-vers-une-aggravation-des-prix","status":"publish","type":"post","link":"https:\/\/azaitech.com\/fr\/la-crise-de-la-memoire-vers-une-aggravation-des-prix\/","title":{"rendered":"La Crise de la M\u00e9moire : Vers une Aggravation des Prix ?"},"content":{"rendered":"<div id=\"ez-toc-container\" class=\"ez-toc-v2_0_82_2 ez-toc-wrap-left counter-hierarchy ez-toc-counter-rtl ez-toc-light-blue ez-toc-container-direction\">\n<div class=\"ez-toc-title-container\">\n<p class=\"ez-toc-title ez-toc-toggle\" style=\"cursor:pointer\">Table of Contents<\/p>\n<span class=\"ez-toc-title-toggle\"><a href=\"#\" class=\"ez-toc-pull-right ez-toc-btn ez-toc-btn-xs ez-toc-btn-default ez-toc-toggle\" aria-label=\"Toggle Table of Content\"><span class=\"ez-toc-js-icon-con\"><span class=\"\"><span class=\"eztoc-hide\" style=\"display:none;\">Toggle<\/span><span class=\"ez-toc-icon-toggle-span\"><svg style=\"fill: #ffffff;color:#ffffff\" xmlns=\"http:\/\/www.w3.org\/2000\/svg\" class=\"list-377408\" width=\"20px\" height=\"20px\" viewBox=\"0 0 24 24\" fill=\"none\"><path d=\"M6 6H4v2h2V6zm14 0H8v2h12V6zM4 11h2v2H4v-2zm16 0H8v2h12v-2zM4 16h2v2H4v-2zm16 0H8v2h12v-2z\" fill=\"currentColor\"><\/path><\/svg><svg style=\"fill: #ffffff;color:#ffffff\" class=\"arrow-unsorted-368013\" xmlns=\"http:\/\/www.w3.org\/2000\/svg\" width=\"10px\" height=\"10px\" viewBox=\"0 0 24 24\" version=\"1.2\" baseProfile=\"tiny\"><path d=\"M18.2 9.3l-6.2-6.3-6.2 6.3c-.2.2-.3.4-.3.7s.1.5.3.7c.2.2.4.3.7.3h11c.3 0 .5-.1.7-.3.2-.2.3-.5.3-.7s-.1-.5-.3-.7zM5.8 14.7l6.2 6.3 6.2-6.3c.2-.2.3-.5.3-.7s-.1-.5-.3-.7c-.2-.2-.4-.3-.7-.3h-11c-.3 0-.5.1-.7.3-.2.2-.3.5-.3.7s.1.5.3.7z\"\/><\/svg><\/span><\/span><\/span><\/a><\/span><\/div>\n<nav><ul class='ez-toc-list ez-toc-list-level-1 eztoc-toggle-hide-by-default' ><li class='ez-toc-page-1 ez-toc-heading-level-2'><a class=\"ez-toc-link ez-toc-heading-1\" href=\"https:\/\/azaitech.com\/fr\/la-crise-de-la-memoire-vers-une-aggravation-des-prix\/#Introduction_a_la_crise_des_prix_de_la_memoire\" >Introduction \u00e0 la crise des prix de la m\u00e9moire<\/a><\/li><li class='ez-toc-page-1 ez-toc-heading-level-2'><a class=\"ez-toc-link ez-toc-heading-2\" href=\"https:\/\/azaitech.com\/fr\/la-crise-de-la-memoire-vers-une-aggravation-des-prix\/#Alerte_a_la_hausse_des_tarifs\" >Alerte \u00e0 la hausse des tarifs<\/a><\/li><li class='ez-toc-page-1 ez-toc-heading-level-2'><a class=\"ez-toc-link ez-toc-heading-3\" href=\"https:\/\/azaitech.com\/fr\/la-crise-de-la-memoire-vers-une-aggravation-des-prix\/#Les_enjeux_de_la_production_locale\" >Les enjeux de la production locale<\/a><\/li><li class='ez-toc-page-1 ez-toc-heading-level-2'><a class=\"ez-toc-link ez-toc-heading-4\" href=\"https:\/\/azaitech.com\/fr\/la-crise-de-la-memoire-vers-une-aggravation-des-prix\/#Analyse_des_implications_economiques\" >Analyse des implications \u00e9conomiques<\/a><\/li><li class='ez-toc-page-1 ez-toc-heading-level-2'><a class=\"ez-toc-link ez-toc-heading-5\" href=\"https:\/\/azaitech.com\/fr\/la-crise-de-la-memoire-vers-une-aggravation-des-prix\/#Conclusion\" >Conclusion<\/a><\/li><\/ul><\/nav><\/div>\n<div class=\"systemcore-ai-article\" dir=\"ltr\" style=\"direction:ltr;text-align:left\">\n<p>Le march\u00e9 des puces m\u00e9moire traverse une p\u00e9riode tumultueuse. Les menaces tarifaires des \u00c9tats-Unis pourraient aggraver la situation.<\/p>\n<h2><span class=\"ez-toc-section\" id=\"Introduction_a_la_crise_des_prix_de_la_memoire\"><\/span>Introduction \u00e0 la crise des prix de la m\u00e9moire<span class=\"ez-toc-section-end\"><\/span><\/h2>\n<p>Depuis plusieurs mois, le march\u00e9 des puces m\u00e9moire est en proie \u00e0 une hausse vertigineuse des prix. Cette tendance alarmante semble sur le point de s&rsquo;intensifier avec les r\u00e9centes d\u00e9clarations de la secr\u00e9taire au Commerce des \u00c9tats-Unis, Howard Lutnick.<\/p>\n<h2><span class=\"ez-toc-section\" id=\"Alerte_a_la_hausse_des_tarifs\"><\/span>Alerte \u00e0 la hausse des tarifs<span class=\"ez-toc-section-end\"><\/span><\/h2>\n<p>Lutnick a mis en garde les principaux fabricants de puces m\u00e9moire, SK Hynix et Samsung, leur donnant un ultimatum : produire aux \u00c9tats-Unis ou subir des tarifs pouvant atteindre 100 %. Cette strat\u00e9gie, qualifi\u00e9e de politique industrielle, vise \u00e0 inciter ces entreprises \u00e0 investir dans des installations de production locales.<\/p>\n<h3>Impact sur les consommateurs<\/h3>\n<p>Les cons\u00e9quences de ces menaces tarifaires risquent d&rsquo;\u00eatre douloureuses pour les consommateurs am\u00e9ricains d\u00e9j\u00e0 \u00e9prouv\u00e9s par la hausse des prix des ordinateurs portables et des PC. Un tarif douanier de 100 % sur les puces m\u00e9moire entrainerait un doublement des co\u00fbts pour les acheteurs.<\/p>\n<h2><span class=\"ez-toc-section\" id=\"Les_enjeux_de_la_production_locale\"><\/span>Les enjeux de la production locale<span class=\"ez-toc-section-end\"><\/span><\/h2>\n<p>La pression exerc\u00e9e sur SK Hynix et Samsung pour qu&rsquo;ils d\u00e9placent leur production en Am\u00e9rique est motiv\u00e9e par le besoin de r\u00e9duire la d\u00e9pendance des \u00c9tats-Unis vis-\u00e0-vis de l&rsquo;importation de technologies essentielles.<\/p>\n<h3>Contexte actuel<\/h3>\n<ul>\n<li>Les prix des puces m\u00e9moire ont consid\u00e9rablement augment\u00e9 en raison d&rsquo;une demande croissante.<\/li>\n<li>Des hausses de prix suppl\u00e9mentaires sont attendues, certains experts pr\u00e9voyant une augmentation de 50 % d&rsquo;ici le d\u00e9but de 2026.<\/li>\n<li>Ces tarifs pourraient \u00e9galement affecter d&rsquo;autres composants, notamment les cartes graphiques, entra\u00eenant des hausses de prix sur une large gamme de produits technologiques.<\/li>\n<\/ul>\n<h2><span class=\"ez-toc-section\" id=\"Analyse_des_implications_economiques\"><\/span>Analyse des implications \u00e9conomiques<span class=\"ez-toc-section-end\"><\/span><\/h2>\n<p>Alors que le march\u00e9 de la m\u00e9moire est actuellement un march\u00e9 de vendeurs, la question se pose : les fabricants asiatiques r\u00e9agissent-ils vraiment \u00e0 ces menaces tarifaires ?<\/p>\n<h3>Les implications pour le march\u00e9 am\u00e9ricain<\/h3>\n<p>Si le gouvernement am\u00e9ricain applique ces tarifs, cela pourrait rendre les produits technologiques plus on\u00e9reux, entra\u00eenant une mont\u00e9e des prix non seulement pour la RAM, mais \u00e9galement pour les ordinateurs portables, qui sont souvent tributaires de composants co\u00fbteux.<\/p>\n<h4>Pr\u00e9visions de prix<\/h4>\n<table dir=\"ltr\" style=\"direction:ltr;text-align:left\">\n<tr>\n<th>P\u00e9riode<\/th>\n<th>Augmentation pr\u00e9vue des prix<\/th>\n<\/tr>\n<tr>\n<td>Q4 2025<\/td>\n<td>D\u00e9j\u00e0 une forte hausse enregistr\u00e9e<\/td>\n<\/tr>\n<tr>\n<td>Q1 2026<\/td>\n<td>Pr\u00e9vision d&rsquo;une hausse de 50 % suppl\u00e9mentaire<\/td>\n<\/tr>\n<\/table>\n<p>Cette situation p\u00e9nible pourrait se traduire par une augmentation des prix des ordinateurs portables d&rsquo;environ 10 %, impactant particuli\u00e8rement les mod\u00e8les haut de gamme.<\/p>\n<h2><span class=\"ez-toc-section\" id=\"Conclusion\"><\/span>Conclusion<span class=\"ez-toc-section-end\"><\/span><\/h2>\n<p>Bien que ces menaces restent pour l&rsquo;instant d\u00e9claratives, elles r\u00e9v\u00e8lent une volont\u00e9 croissante des \u00c9tats-Unis de contr\u00f4ler leur cha\u00eene d&rsquo;approvisionnement en technologies critiques. Les consommateurs doivent se pr\u00e9parer \u00e0 une escalade des co\u00fbts, alors que les fabricants cherchent des solutions aux d\u00e9fis pos\u00e9s par ces nouveaux tarifs.<\/p>\n<\/div>\n<p>Views: 1<\/p>","protected":false},"excerpt":{"rendered":"<p>Le march\u00e9 des puces m\u00e9moire traverse une p\u00e9riode tumultueuse. Les menaces tarifaires des \u00c9tats-Unis pourraient aggraver la situation. Introduction \u00e0 la crise des prix de la m\u00e9moire Depuis plusieurs mois, le march\u00e9 des puces m\u00e9moire est en proie \u00e0 une hausse vertigineuse des prix. Cette tendance alarmante semble sur le point de s&rsquo;intensifier avec les [&hellip;]<\/p>\n","protected":false},"author":0,"featured_media":26785,"comment_status":"","ping_status":"open","sticky":false,"template":"","format":"standard","meta":{"footnotes":""},"categories":[123],"tags":[],"class_list":{"0":"post-26788","1":"post","2":"type-post","3":"status-publish","4":"format-standard","5":"has-post-thumbnail","7":"category-123"},"_links":{"self":[{"href":"https:\/\/azaitech.com\/fr\/wp-json\/wp\/v2\/posts\/26788","targetHints":{"allow":["GET"]}}],"collection":[{"href":"https:\/\/azaitech.com\/fr\/wp-json\/wp\/v2\/posts"}],"about":[{"href":"https:\/\/azaitech.com\/fr\/wp-json\/wp\/v2\/types\/post"}],"replies":[{"embeddable":true,"href":"https:\/\/azaitech.com\/fr\/wp-json\/wp\/v2\/comments?post=26788"}],"version-history":[{"count":0,"href":"https:\/\/azaitech.com\/fr\/wp-json\/wp\/v2\/posts\/26788\/revisions"}],"wp:featuredmedia":[{"embeddable":true,"href":"https:\/\/azaitech.com\/fr\/wp-json\/wp\/v2\/media\/26785"}],"wp:attachment":[{"href":"https:\/\/azaitech.com\/fr\/wp-json\/wp\/v2\/media?parent=26788"}],"wp:term":[{"taxonomy":"category","embeddable":true,"href":"https:\/\/azaitech.com\/fr\/wp-json\/wp\/v2\/categories?post=26788"},{"taxonomy":"post_tag","embeddable":true,"href":"https:\/\/azaitech.com\/fr\/wp-json\/wp\/v2\/tags?post=26788"}],"curies":[{"name":"wp","href":"https:\/\/api.w.org\/{rel}","templated":true}]}}