{"id":26611,"date":"2026-01-20T22:33:37","date_gmt":"2026-01-20T19:33:37","guid":{"rendered":"https:\/\/azaitech.com\/amazon-reduit-le-prix-du-macbook-pro-m5-a-1-449\/"},"modified":"2026-01-20T22:33:37","modified_gmt":"2026-01-20T19:33:37","slug":"amazon-reduit-le-prix-du-macbook-pro-m5-a-1-449","status":"publish","type":"post","link":"https:\/\/azaitech.com\/fr\/amazon-reduit-le-prix-du-macbook-pro-m5-a-1-449\/","title":{"rendered":"Amazon r\u00e9duit le prix du MacBook Pro M5 \u00e0 1 449 $"},"content":{"rendered":"<div id=\"ez-toc-container\" class=\"ez-toc-v2_0_82_2 ez-toc-wrap-left counter-hierarchy ez-toc-counter-rtl ez-toc-light-blue ez-toc-container-direction\">\n<div class=\"ez-toc-title-container\">\n<p class=\"ez-toc-title ez-toc-toggle\" style=\"cursor:pointer\">Table of Contents<\/p>\n<span class=\"ez-toc-title-toggle\"><a href=\"#\" class=\"ez-toc-pull-right ez-toc-btn ez-toc-btn-xs ez-toc-btn-default ez-toc-toggle\" aria-label=\"Toggle Table of Content\"><span class=\"ez-toc-js-icon-con\"><span class=\"\"><span class=\"eztoc-hide\" style=\"display:none;\">Toggle<\/span><span class=\"ez-toc-icon-toggle-span\"><svg style=\"fill: #ffffff;color:#ffffff\" xmlns=\"http:\/\/www.w3.org\/2000\/svg\" class=\"list-377408\" width=\"20px\" height=\"20px\" viewBox=\"0 0 24 24\" fill=\"none\"><path d=\"M6 6H4v2h2V6zm14 0H8v2h12V6zM4 11h2v2H4v-2zm16 0H8v2h12v-2zM4 16h2v2H4v-2zm16 0H8v2h12v-2z\" fill=\"currentColor\"><\/path><\/svg><svg style=\"fill: #ffffff;color:#ffffff\" class=\"arrow-unsorted-368013\" xmlns=\"http:\/\/www.w3.org\/2000\/svg\" width=\"10px\" height=\"10px\" viewBox=\"0 0 24 24\" version=\"1.2\" baseProfile=\"tiny\"><path d=\"M18.2 9.3l-6.2-6.3-6.2 6.3c-.2.2-.3.4-.3.7s.1.5.3.7c.2.2.4.3.7.3h11c.3 0 .5-.1.7-.3.2-.2.3-.5.3-.7s-.1-.5-.3-.7zM5.8 14.7l6.2 6.3 6.2-6.3c.2-.2.3-.5.3-.7s-.1-.5-.3-.7c-.2-.2-.4-.3-.7-.3h-11c-.3 0-.5.1-.7.3-.2.2-.3.5-.3.7s.1.5.3.7z\"\/><\/svg><\/span><\/span><\/span><\/a><\/span><\/div>\n<nav><ul class='ez-toc-list ez-toc-list-level-1 eztoc-toggle-hide-by-default' ><li class='ez-toc-page-1 ez-toc-heading-level-2'><a class=\"ez-toc-link ez-toc-heading-1\" href=\"https:\/\/azaitech.com\/fr\/amazon-reduit-le-prix-du-macbook-pro-m5-a-1-449\/#Une_offre_exceptionnelle_sur_le_MacBook_Pro_M5\" >Une offre exceptionnelle sur le MacBook Pro M5<\/a><\/li><li class='ez-toc-page-1 ez-toc-heading-level-2'><a class=\"ez-toc-link ez-toc-heading-2\" href=\"https:\/\/azaitech.com\/fr\/amazon-reduit-le-prix-du-macbook-pro-m5-a-1-449\/#Pourquoi_choisir_le_MacBook_Pro_M5\" >Pourquoi choisir le MacBook Pro M5 ?<\/a><\/li><li class='ez-toc-page-1 ez-toc-heading-level-2'><a class=\"ez-toc-link ez-toc-heading-3\" href=\"https:\/\/azaitech.com\/fr\/amazon-reduit-le-prix-du-macbook-pro-m5-a-1-449\/#Comment_beneficier_de_ces_offres\" >Comment b\u00e9n\u00e9ficier de ces offres ?<\/a><\/li><\/ul><\/nav><\/div>\n<div class=\"systemcore-ai-article\" dir=\"ltr\" style=\"direction:ltr;text-align:left\">\n<p>Amazon a r\u00e9cemment annonc\u00e9 une r\u00e9duction de prix sur le MacBook Pro M5, offrant une excellente opportunit\u00e9 pour les acheteurs int\u00e9ress\u00e9s par ce mod\u00e8le.<\/p>\n<h2><span class=\"ez-toc-section\" id=\"Une_offre_exceptionnelle_sur_le_MacBook_Pro_M5\"><\/span>Une offre exceptionnelle sur le MacBook Pro M5<span class=\"ez-toc-section-end\"><\/span><\/h2>\n<p>Le nouveau MacBook Pro \u00e9quip\u00e9 de la puce M5 est d\u00e9sormais propos\u00e9 \u00e0 1 449 $, soit une r\u00e9duction significative par rapport \u00e0 son prix initial de 1 599 $. Ce mod\u00e8le est dot\u00e9 d&rsquo;un processeur \u00e0 10 c\u0153urs, de 16 Go de RAM et d&rsquo;un SSD de 512 Go, offrant ainsi d&rsquo;excellentes performances pour les utilisateurs exigeants.<\/p>\n<h3>Variantes et prix des mod\u00e8les<\/h3>\n<table dir=\"ltr\" style=\"direction:ltr;text-align:left\">\n<thead>\n<tr>\n<th>Mod\u00e8le<\/th>\n<th>Prix original<\/th>\n<th>Prix actuel<\/th>\n<th>\u00c9conomie<\/th>\n<\/tr>\n<\/thead>\n<tbody>\n<tr>\n<td>MacBook Pro M5 (16 Go RAM, 512 Go SSD)<\/td>\n<td>1 599 $<\/td>\n<td>1 449 $<\/td>\n<td>150 $<\/td>\n<\/tr>\n<tr>\n<td>MacBook Pro M5 (16 Go RAM, 1 To SSD)<\/td>\n<td>1 799 $<\/td>\n<td>1 629 $<\/td>\n<td>170 $<\/td>\n<\/tr>\n<tr>\n<td>MacBook Pro M5 (24 Go RAM, 1 To SSD)<\/td>\n<td>1 999 $<\/td>\n<td>1 825 $<\/td>\n<td>174 $<\/td>\n<\/tr>\n<\/tbody>\n<\/table>\n<h3>Les caract\u00e9ristiques impressionnantes du MacBook Pro M5<\/h3>\n<p>La puce M5, lanc\u00e9e en octobre, propose des am\u00e9liorations notables par rapport \u00e0 son pr\u00e9d\u00e9cesseur, la M4. Voici quelques-unes de ses caract\u00e9ristiques cl\u00e9s :<\/p>\n<ul>\n<li><strong>Performance CPU : <\/strong> Jusqu&rsquo;\u00e0 15 % plus rapide que la M4.<\/li>\n<li><strong>Performance graphique : <\/strong> Jusqu&rsquo;\u00e0 45 % plus rapide.<\/li>\n<li><strong>Efficacit\u00e9 \u00e9nerg\u00e9tique : <\/strong> Optimis\u00e9e pour une meilleure autonomie.<\/li>\n<\/ul>\n<h2><span class=\"ez-toc-section\" id=\"Pourquoi_choisir_le_MacBook_Pro_M5\"><\/span>Pourquoi choisir le MacBook Pro M5 ?<span class=\"ez-toc-section-end\"><\/span><\/h2>\n<p>Le MacBook Pro M5 s&rsquo;adresse aux professionnels ainsi qu&rsquo;aux utilisateurs occasionnels recherchant un appareil puissant et fiable. Que vous soyez un graphiste, un d\u00e9veloppeur ou simplement quelqu&rsquo;un qui souhaite un ordinateur performant, ce mod\u00e8le est un excellent choix.<\/p>\n<h3>Disponibilit\u00e9 et livraison<\/h3>\n<p>Tous les mod\u00e8les mentionn\u00e9s ont une date de livraison estim\u00e9e autour du <strong>25 janvier<\/strong>, ce qui fait de cette offre une opportunit\u00e9 \u00e0 ne pas manquer. Que vous achetiez pour vous-m\u00eame ou pour un proche, ces mod\u00e8les sont rapidement disponibles.<\/p>\n<h2><span class=\"ez-toc-section\" id=\"Comment_beneficier_de_ces_offres\"><\/span>Comment b\u00e9n\u00e9ficier de ces offres ?<span class=\"ez-toc-section-end\"><\/span><\/h2>\n<p>Pour profiter de ces r\u00e9ductions, il vous suffit de visiter le site d&rsquo;Amazon et de s\u00e9lectionner le mod\u00e8le qui correspond le mieux \u00e0 vos besoins. Pensez \u00e0 v\u00e9rifier r\u00e9guli\u00e8rement les offres, car elles \u00e9voluent et se mettent \u00e0 jour souvent.<\/p>\n<h3>Conclusion<\/h3>\n<p>Cette r\u00e9duction de prix sur le MacBook Pro M5 est une occasion en or pour ceux qui envisagent d&rsquo;acqu\u00e9rir un nouvel ordinateur portable. Avec des performances am\u00e9lior\u00e9es et des r\u00e9ductions significatives, il serait judicieux d&rsquo;agir rapidement.<\/p>\n<\/div>\n<p>Views: 0<\/p>","protected":false},"excerpt":{"rendered":"<p>Amazon a r\u00e9cemment annonc\u00e9 une r\u00e9duction de prix sur le MacBook Pro M5, offrant une excellente opportunit\u00e9 pour les acheteurs int\u00e9ress\u00e9s par ce mod\u00e8le. Une offre exceptionnelle sur le MacBook Pro M5 Le nouveau MacBook Pro \u00e9quip\u00e9 de la puce M5 est d\u00e9sormais propos\u00e9 \u00e0 1 449 $, soit une r\u00e9duction significative par rapport \u00e0 [&hellip;]<\/p>\n","protected":false},"author":0,"featured_media":26608,"comment_status":"","ping_status":"open","sticky":false,"template":"","format":"standard","meta":{"footnotes":""},"categories":[165],"tags":[],"class_list":{"0":"post-26611","1":"post","2":"type-post","3":"status-publish","4":"format-standard","5":"has-post-thumbnail","7":"category-apple"},"_links":{"self":[{"href":"https:\/\/azaitech.com\/fr\/wp-json\/wp\/v2\/posts\/26611","targetHints":{"allow":["GET"]}}],"collection":[{"href":"https:\/\/azaitech.com\/fr\/wp-json\/wp\/v2\/posts"}],"about":[{"href":"https:\/\/azaitech.com\/fr\/wp-json\/wp\/v2\/types\/post"}],"replies":[{"embeddable":true,"href":"https:\/\/azaitech.com\/fr\/wp-json\/wp\/v2\/comments?post=26611"}],"version-history":[{"count":0,"href":"https:\/\/azaitech.com\/fr\/wp-json\/wp\/v2\/posts\/26611\/revisions"}],"wp:featuredmedia":[{"embeddable":true,"href":"https:\/\/azaitech.com\/fr\/wp-json\/wp\/v2\/media\/26608"}],"wp:attachment":[{"href":"https:\/\/azaitech.com\/fr\/wp-json\/wp\/v2\/media?parent=26611"}],"wp:term":[{"taxonomy":"category","embeddable":true,"href":"https:\/\/azaitech.com\/fr\/wp-json\/wp\/v2\/categories?post=26611"},{"taxonomy":"post_tag","embeddable":true,"href":"https:\/\/azaitech.com\/fr\/wp-json\/wp\/v2\/tags?post=26611"}],"curies":[{"name":"wp","href":"https:\/\/api.w.org\/{rel}","templated":true}]}}