{"id":24728,"date":"2025-07-01T13:48:10","date_gmt":"2025-07-01T10:48:10","guid":{"rendered":"https:\/\/azaitech.com\/macbook-a18-pro-leak-2026\/"},"modified":"2025-07-01T13:55:30","modified_gmt":"2025-07-01T10:55:30","slug":"macbook-avec-puce-a18-pro","status":"publish","type":"post","link":"https:\/\/azaitech.com\/fr\/macbook-avec-puce-a18-pro\/","title":{"rendered":"Apple pr\u00e9pare un MacBook avec puce A18 Pro \u2013 Une r\u00e9volution \u00e0 bas prix ?"},"content":{"rendered":"<div id=\"ez-toc-container\" class=\"ez-toc-v2_0_82_2 ez-toc-wrap-left counter-hierarchy ez-toc-counter-rtl ez-toc-light-blue ez-toc-container-direction\">\n<div class=\"ez-toc-title-container\">\n<p class=\"ez-toc-title ez-toc-toggle\" style=\"cursor:pointer\">Table of Contents<\/p>\n<span class=\"ez-toc-title-toggle\"><a href=\"#\" class=\"ez-toc-pull-right ez-toc-btn ez-toc-btn-xs ez-toc-btn-default ez-toc-toggle\" aria-label=\"Toggle Table of Content\"><span class=\"ez-toc-js-icon-con\"><span class=\"\"><span class=\"eztoc-hide\" style=\"display:none;\">Toggle<\/span><span class=\"ez-toc-icon-toggle-span\"><svg style=\"fill: #ffffff;color:#ffffff\" xmlns=\"http:\/\/www.w3.org\/2000\/svg\" class=\"list-377408\" width=\"20px\" height=\"20px\" viewBox=\"0 0 24 24\" fill=\"none\"><path d=\"M6 6H4v2h2V6zm14 0H8v2h12V6zM4 11h2v2H4v-2zm16 0H8v2h12v-2zM4 16h2v2H4v-2zm16 0H8v2h12v-2z\" fill=\"currentColor\"><\/path><\/svg><svg style=\"fill: #ffffff;color:#ffffff\" class=\"arrow-unsorted-368013\" xmlns=\"http:\/\/www.w3.org\/2000\/svg\" width=\"10px\" height=\"10px\" viewBox=\"0 0 24 24\" version=\"1.2\" baseProfile=\"tiny\"><path d=\"M18.2 9.3l-6.2-6.3-6.2 6.3c-.2.2-.3.4-.3.7s.1.5.3.7c.2.2.4.3.7.3h11c.3 0 .5-.1.7-.3.2-.2.3-.5.3-.7s-.1-.5-.3-.7zM5.8 14.7l6.2 6.3 6.2-6.3c.2-.2.3-.5.3-.7s-.1-.5-.3-.7c-.2-.2-.4-.3-.7-.3h-11c-.3 0-.5.1-.7.3-.2.2-.3.5-.3.7s.1.5.3.7z\"\/><\/svg><\/span><\/span><\/span><\/a><\/span><\/div>\n<nav><ul class='ez-toc-list ez-toc-list-level-1 eztoc-toggle-hide-by-default' ><li class='ez-toc-page-1 ez-toc-heading-level-2'><a class=\"ez-toc-link ez-toc-heading-1\" href=\"https:\/\/azaitech.com\/fr\/macbook-avec-puce-a18-pro\/#Vers_une_nouvelle_strategie_pour_Apple\" >Vers une nouvelle strat\u00e9gie pour Apple ?<\/a><\/li><li class='ez-toc-page-1 ez-toc-heading-level-2'><a class=\"ez-toc-link ez-toc-heading-2\" href=\"https:\/\/azaitech.com\/fr\/macbook-avec-puce-a18-pro\/#Un_prix_agressif_pour_un_marche_competitif\" >Un prix agressif pour un march\u00e9 comp\u00e9titif<\/a><\/li><li class='ez-toc-page-1 ez-toc-heading-level-2'><a class=\"ez-toc-link ez-toc-heading-3\" href=\"https:\/\/azaitech.com\/fr\/macbook-avec-puce-a18-pro\/#Lancement_prevu_pour_debut_2026\" >Lancement pr\u00e9vu pour d\u00e9but 2026<\/a><\/li><li class='ez-toc-page-1 ez-toc-heading-level-2'><a class=\"ez-toc-link ez-toc-heading-4\" href=\"https:\/\/azaitech.com\/fr\/macbook-avec-puce-a18-pro\/#Unifier_les_plateformes_Apple\" >Unifier les plateformes Apple ?<\/a><\/li><li class='ez-toc-page-1 ez-toc-heading-level-2'><a class=\"ez-toc-link ez-toc-heading-5\" href=\"https:\/\/azaitech.com\/fr\/macbook-avec-puce-a18-pro\/#Conclusion\" >Conclusion<\/a><\/li><\/ul><\/nav><\/div>\n<p data-start=\"240\" data-end=\"581\">Apple pourrait bouleverser le march\u00e9 des ordinateurs portables en 2026 avec un tout nouveau MacBook \u00e9quip\u00e9 de la puce A18 Pro, initialement con\u00e7ue pour l\u2019iPhone 16 Pro. Si les fuites se confirment, cela marquerait un tournant strat\u00e9gique majeur pour la marque, qui s\u2019appuie depuis des ann\u00e9es sur ses puces M1, M2 et M3 pour ses MacBooks.<\/p>\n<p data-start=\"583\" data-end=\"854\">Ce projet a \u00e9t\u00e9 r\u00e9v\u00e9l\u00e9 par le c\u00e9l\u00e8bre analyste Ming-Chi Kuo, souvent bien inform\u00e9 sur les plans d\u2019Apple. Selon lui, ce MacBook serait lanc\u00e9 entre la fin 2025 et le d\u00e9but 2026, avec pour objectif de proposer un appareil abordable, \u00e9l\u00e9gant et d\u00e9clin\u00e9 en plusieurs couleurs.<\/p>\n<h3 data-start=\"856\" data-end=\"903\">Pourquoi une puce A18 Pro dans un MacBook ?<\/h3>\n<p data-start=\"905\" data-end=\"1099\">La puce A18 Pro repr\u00e9sente la derni\u00e8re g\u00e9n\u00e9ration de processeurs Apple destin\u00e9s \u00e0 ses iPhones. Grav\u00e9e en 3 nm, elle offre un excellent compromis entre performance et efficacit\u00e9 \u00e9nerg\u00e9tique.<\/p>\n<p data-start=\"1101\" data-end=\"1163\">Le fait de l\u2019int\u00e9grer dans un MacBook permettrait \u00e0 Apple de :<\/p>\n<ul data-start=\"1164\" data-end=\"1349\">\n<li data-start=\"1164\" data-end=\"1213\">\n<p data-start=\"1166\" data-end=\"1213\">R\u00e9duire consid\u00e9rablement le prix de l\u2019appareil.<\/p>\n<\/li>\n<li data-start=\"1214\" data-end=\"1271\">\n<p data-start=\"1216\" data-end=\"1271\">Maintenir une bonne fluidit\u00e9 pour les t\u00e2ches courantes.<\/p>\n<\/li>\n<li data-start=\"1272\" data-end=\"1349\">\n<p data-start=\"1274\" data-end=\"1349\">Proposer un appareil l\u00e9ger, silencieux, et \u00e0 faible consommation d\u2019\u00e9nergie.<\/p>\n<\/li>\n<\/ul>\n<p data-start=\"1351\" data-end=\"1485\">En d\u2019autres termes, ce MacBook avec puce A18 Pro viserait les \u00e9tudiants, les utilisateurs quotidiens, et le march\u00e9 de l\u2019\u00e9ducation.<\/p>\n<h3 data-start=\"1487\" data-end=\"1534\">Un design connu, mais des couleurs in\u00e9dites<\/h3>\n<p data-start=\"1536\" data-end=\"1897\">D\u2019apr\u00e8s les informations de sites fiables comme <a class=\"\" href=\"https:\/\/www.macrumors.com\" target=\"_new\" rel=\"noopener\" data-start=\"1584\" data-end=\"1622\">MacRumors<\/a> et <a class=\"\" href=\"https:\/\/cincodias.elpais.com\" target=\"_new\" rel=\"noopener nofollow\" data-start=\"1626\" data-end=\"1668\">Cinco D\u00edas<\/a>, le MacBook serait \u00e9quip\u00e9 d\u2019un \u00e9cran de 13 pouces similaire au MacBook Air. L\u2019une des grandes nouveaut\u00e9s serait la disponibilit\u00e9 en plusieurs coloris : argent, bleu, rose et peut-\u00eatre jaune, afin de s\u00e9duire un public plus jeune.<\/p>\n<p data-start=\"1899\" data-end=\"2055\">Cette approche rappelle la strat\u00e9gie des anciens MacBook color\u00e9s, mais avec une technologie plus moderne, plus fine, et mieux int\u00e9gr\u00e9e \u00e0 l\u2019\u00e9cosyst\u00e8me Apple.<\/p>\n<h3 data-start=\"2057\" data-end=\"2094\">Des indices dans le code de macOS<\/h3>\n<p data-start=\"2096\" data-end=\"2293\">Au-del\u00e0 des rumeurs, plusieurs d\u00e9veloppeurs ont identifi\u00e9 dans le code source de macOS la r\u00e9f\u00e9rence \u00e0 un mod\u00e8le \u00ab\u00a0Mac17,1\u00a0\u00bb dot\u00e9 d\u2019une puce A18 Pro. Ces donn\u00e9es renforcent la cr\u00e9dibilit\u00e9 de la fuite.<\/p>\n<p data-start=\"2295\" data-end=\"2466\">Cela indique qu\u2019Apple teste d\u00e9j\u00e0 ce mod\u00e8le en interne, et que sa pr\u00e9sentation pourrait intervenir d\u00e8s que les derniers ajustements logiciels et mat\u00e9riels seront finalis\u00e9s.<\/p>\n<h2 data-start=\"96\" data-end=\"150\"><span class=\"ez-toc-section\" id=\"Vers_une_nouvelle_strategie_pour_Apple\"><\/span>Vers une nouvelle strat\u00e9gie pour Apple ?<span class=\"ez-toc-section-end\"><\/span><\/h2>\n<p data-start=\"152\" data-end=\"473\">L\u2019int\u00e9gration d\u2019une puce A18 Pro dans un MacBook ne serait pas simplement une exp\u00e9rimentation technique. Cela pourrait repr\u00e9senter un changement profond dans la strat\u00e9gie d\u2019Apple pour \u00e9largir sa gamme de produits et r\u00e9pondre \u00e0 des segments de march\u00e9 jusqu\u2019ici domin\u00e9s par les Chromebooks ou les PC Windows bon march\u00e9.<\/p>\n<p data-start=\"475\" data-end=\"706\">Alors que les puces M1, M2 et M3 dominent les performances haut de gamme, la puce A18 Pro permettrait \u00e0 Apple de baisser significativement le co\u00fbt tout en maintenant une excellente exp\u00e9rience utilisateur pour des t\u00e2ches comme :<\/p>\n<ul data-start=\"708\" data-end=\"887\">\n<li data-start=\"708\" data-end=\"731\">\n<p data-start=\"710\" data-end=\"731\">Naviguer sur Internet<\/p>\n<\/li>\n<li data-start=\"732\" data-end=\"800\">\n<p data-start=\"734\" data-end=\"800\">Utiliser les applications bureautiques (Word, Excel, Google Docs\u2026)<\/p>\n<\/li>\n<li data-start=\"801\" data-end=\"834\">\n<p data-start=\"803\" data-end=\"834\">Consommer du contenu multim\u00e9dia<\/p>\n<\/li>\n<li data-start=\"835\" data-end=\"887\">\n<p data-start=\"837\" data-end=\"887\">\u00c9tudier \u00e0 distance ou faire du t\u00e9l\u00e9travail basique<\/p>\n<\/li>\n<\/ul>\n<p data-start=\"889\" data-end=\"988\">Ce MacBook avec puce A18 Pro serait donc parfaitement adapt\u00e9 \u00e0 un usage quotidien non intensif.<\/p>\n<h2 data-start=\"990\" data-end=\"1035\"><span class=\"ez-toc-section\" id=\"Un_prix_agressif_pour_un_marche_competitif\"><\/span>Un prix agressif pour un march\u00e9 comp\u00e9titif<span class=\"ez-toc-section-end\"><\/span><\/h2>\n<p data-start=\"1037\" data-end=\"1273\">Selon les estimations publi\u00e9es sur <a class=\"\" href=\"https:\/\/cincodias.elpais.com\" target=\"_new\" rel=\"noopener nofollow\" data-start=\"1072\" data-end=\"1114\">Cinco D\u00edas<\/a>, le prix de ce MacBook pourrait d\u00e9marrer autour de 799 dollars, soit bien en dessous des mod\u00e8les actuels qui commencent \u00e0 999 dollars pour le MacBook Air.<\/p>\n<p data-start=\"1275\" data-end=\"1547\">Apple viserait ainsi directement les \u00e9tudiants, les \u00e9coles, mais aussi les utilisateurs en qu\u00eate de qualit\u00e9 Apple sans d\u00e9penser une fortune. C\u2019est \u00e9galement une r\u00e9ponse directe \u00e0 la mont\u00e9e en puissance des ordinateurs portables d\u2019entr\u00e9e de gamme, notamment sous Chrome OS.<\/p>\n<h2 data-start=\"1549\" data-end=\"1583\"><span class=\"ez-toc-section\" id=\"Lancement_prevu_pour_debut_2026\"><\/span>Lancement pr\u00e9vu pour d\u00e9but 2026<span class=\"ez-toc-section-end\"><\/span><\/h2>\n<p data-start=\"1585\" data-end=\"1776\">D\u2019apr\u00e8s Ming-Chi Kuo, la production de masse de ce nouveau mod\u00e8le devrait d\u00e9marrer au quatri\u00e8me trimestre de 2025, avec une commercialisation planifi\u00e9e pour le premier trimestre 2026.<\/p>\n<p data-start=\"1778\" data-end=\"1972\">Apple pr\u00e9voirait de produire entre 5 et 7 millions d\u2019unit\u00e9s la premi\u00e8re ann\u00e9e, ce qui montre \u00e0 quel point l\u2019entreprise croit au potentiel de ce produit pour conqu\u00e9rir une nouvelle client\u00e8le.<\/p>\n<h2 data-start=\"1974\" data-end=\"2008\"><span class=\"ez-toc-section\" id=\"Unifier_les_plateformes_Apple\"><\/span>Unifier les plateformes Apple ?<span class=\"ez-toc-section-end\"><\/span><\/h2>\n<p data-start=\"2010\" data-end=\"2363\">Le choix d\u2019une puce de type iPhone dans un MacBook pourrait aussi avoir des implications \u00e0 long terme. Cela faciliterait la convergence des applications entre iOS et macOS, tout en r\u00e9duisant les co\u00fbts de d\u00e9veloppement pour les \u00e9diteurs tiers. Le MacBook avec puce A18 Pro deviendrait ainsi un v\u00e9ritable \u00ab\u00a0hub universel\u00a0\u00bb au sein de l\u2019\u00e9cosyst\u00e8me Apple.<\/p>\n<p data-start=\"2365\" data-end=\"2505\">On pourrait imaginer dans le futur des appareils encore plus hybrides, o\u00f9 les lignes entre iPad, iPhone et Mac continueraient de s\u2019estomper.<\/p>\n<h2 data-start=\"2507\" data-end=\"2520\"><span class=\"ez-toc-section\" id=\"Conclusion\"><\/span>Conclusion<span class=\"ez-toc-section-end\"><\/span><\/h2>\n<p data-start=\"2522\" data-end=\"2849\">M\u00eame si ce projet reste \u00e0 l\u2019\u00e9tat de fuite pour le moment, les indices techniques, les d\u00e9clarations du c\u00e9l\u00e8bre analyste Ming-Chi Kuo, et les donn\u00e9es trouv\u00e9es dans le syst\u00e8me macOS laissent peu de doute : Apple se pr\u00e9pare \u00e0 lancer un MacBook avec puce A18 Pro, plus accessible, color\u00e9, et pens\u00e9 pour les besoins du quotidien.<\/p>\n<p data-start=\"2851\" data-end=\"3040\">Avec un lancement attendu d\u00e9but 2026, ce mod\u00e8le pourrait red\u00e9finir l\u2019entr\u00e9e de gamme chez Apple, et faire \u00e9voluer la perception des performances dans le segment des ordinateurs \u00e9conomiques.<\/p>\n<p>Views: 1<\/p>","protected":false},"excerpt":{"rendered":"<p>Apple pourrait bouleverser le march\u00e9 des ordinateurs portables en 2026 avec un tout nouveau MacBook \u00e9quip\u00e9 de la puce A18 Pro, initialement con\u00e7ue pour l\u2019iPhone 16 Pro. Si les fuites se confirment, cela marquerait un tournant strat\u00e9gique majeur pour la marque, qui s\u2019appuie depuis des ann\u00e9es sur ses puces M1, M2 et M3 pour ses [&hellip;]<\/p>\n","protected":false},"author":2,"featured_media":24724,"comment_status":"closed","ping_status":"closed","sticky":false,"template":"","format":"standard","meta":{"footnotes":""},"categories":[414],"tags":[],"class_list":{"0":"post-24728","1":"post","2":"type-post","3":"status-publish","4":"format-standard","5":"has-post-thumbnail","7":"category-apple-fr"},"_links":{"self":[{"href":"https:\/\/azaitech.com\/fr\/wp-json\/wp\/v2\/posts\/24728","targetHints":{"allow":["GET"]}}],"collection":[{"href":"https:\/\/azaitech.com\/fr\/wp-json\/wp\/v2\/posts"}],"about":[{"href":"https:\/\/azaitech.com\/fr\/wp-json\/wp\/v2\/types\/post"}],"author":[{"embeddable":true,"href":"https:\/\/azaitech.com\/fr\/wp-json\/wp\/v2\/users\/2"}],"replies":[{"embeddable":true,"href":"https:\/\/azaitech.com\/fr\/wp-json\/wp\/v2\/comments?post=24728"}],"version-history":[{"count":3,"href":"https:\/\/azaitech.com\/fr\/wp-json\/wp\/v2\/posts\/24728\/revisions"}],"predecessor-version":[{"id":24731,"href":"https:\/\/azaitech.com\/fr\/wp-json\/wp\/v2\/posts\/24728\/revisions\/24731"}],"wp:featuredmedia":[{"embeddable":true,"href":"https:\/\/azaitech.com\/fr\/wp-json\/wp\/v2\/media\/24724"}],"wp:attachment":[{"href":"https:\/\/azaitech.com\/fr\/wp-json\/wp\/v2\/media?parent=24728"}],"wp:term":[{"taxonomy":"category","embeddable":true,"href":"https:\/\/azaitech.com\/fr\/wp-json\/wp\/v2\/categories?post=24728"},{"taxonomy":"post_tag","embeddable":true,"href":"https:\/\/azaitech.com\/fr\/wp-json\/wp\/v2\/tags?post=24728"}],"curies":[{"name":"wp","href":"https:\/\/api.w.org\/{rel}","templated":true}]}}